[{"@context":"https:\/\/schema.org\/","@type":"Article","@id":"https:\/\/www.zulpcb.cz\/barva-ramu-rozhoduje-o-cele-atmosfere-domova\/#Article","mainEntityOfPage":"https:\/\/www.zulpcb.cz\/barva-ramu-rozhoduje-o-cele-atmosfere-domova\/","headline":"Barva r\u00e1mu rozhoduje o cel\u00e9 atmosf\u00e9\u0159e domova","name":"Barva r\u00e1mu rozhoduje o cel\u00e9 atmosf\u00e9\u0159e domova","description":"Mlad\u00fd p\u00e1r si po\u0159\u00eddil star\u0161\u00ed d\u016fm na okraji m\u011bsta. M\u011bl kr\u00e1snou zahradu, prostorn\u00fd ob\u00fdv\u00e1k i velk\u00e1 francouzsk\u00e1 okna, ale n\u011bco chyb\u011blo. B\u00edl\u00e9 r\u00e1my p\u016fsobily oby\u010dejn\u011b, nedok\u00e1zaly podtrhnout styl nov\u00e9ho interi\u00e9ru. Kdy\u017e p\u0159i\u0161la \u0159e\u010d na rekonstrukci, padla volba na \u0161ed\u00e1 okna. Na prvn\u00ed pohled drobn\u00e1 zm\u011bna \u00fapln\u011b prom\u011bnila vzhled domu, r\u00e1zem z\u00edskal \u0161mrnc, eleganci a modern\u00ed [&hellip;]","datePublished":"2025-07-11","dateModified":"2025-07-11","author":{"@type":"Person","@id":"https:\/\/www.zulpcb.cz\/author\/#Person","name":"","url":"https:\/\/www.zulpcb.cz\/author\/","identifier":1,"image":{"@type":"ImageObject","@id":"https:\/\/secure.gravatar.com\/avatar\/c065076eb86551fdb70725c8063acf1b60a8edaed14ed654228c4cba13121c83?s=96&d=mm&r=g","url":"https:\/\/secure.gravatar.com\/avatar\/c065076eb86551fdb70725c8063acf1b60a8edaed14ed654228c4cba13121c83?s=96&d=mm&r=g","height":96,"width":96}},"publisher":{"@type":"Organization","name":"zulpcb.cz","logo":{"@type":"ImageObject","@id":"\/logo.png","url":"\/logo.png","width":600,"height":60}},"image":{"@type":"ImageObject","@id":"https:\/\/www.zulpcb.cz\/wp-content\/uploads\/%C5%A1ed%C3%A1%20okna.jpg","url":"https:\/\/www.zulpcb.cz\/wp-content\/uploads\/%C5%A1ed%C3%A1%20okna.jpg","height":0,"width":0},"url":"https:\/\/www.zulpcb.cz\/barva-ramu-rozhoduje-o-cele-atmosfere-domova\/","about":["N\u00e1kupy"],"wordCount":428,"articleBody":"         Mlad\u00fd p\u00e1r si po\u0159\u00eddil star\u0161\u00ed d\u016fm na okraji m\u011bsta. M\u011bl kr\u00e1snou zahradu, prostorn\u00fd ob\u00fdv\u00e1k i velk\u00e1 francouzsk\u00e1 okna, ale n\u011bco chyb\u011blo. B\u00edl\u00e9 r\u00e1my p\u016fsobily oby\u010dejn\u011b, nedok\u00e1zaly podtrhnout styl nov\u00e9ho interi\u00e9ru. Kdy\u017e p\u0159i\u0161la \u0159e\u010d na rekonstrukci, padla volba na \u0161ed\u00e1 okna. Na prvn\u00ed pohled drobn\u00e1 zm\u011bna \u00fapln\u011b prom\u011bnila vzhled domu, r\u00e1zem z\u00edskal \u0161mrnc, eleganci a modern\u00ed charakter.\u0160ed\u00e1 barva m\u00e1 sv\u00e9 kouzloNejde jen o m\u00f3dn\u00ed trend. \u0160ed\u00e1 barva m\u00e1 schopnost podtrhnout architekturu domu a p\u0159itom neru\u0161it. Je neutr\u00e1ln\u00ed, nad\u010dasov\u00e1 a snadno se kombinuje s d\u0159evem, b\u00edlou i odv\u00e1\u017en\u011bj\u0161\u00edmi barevn\u00fdmi prvky. Nav\u00edc \u0161ed\u00e9 r\u00e1my nep\u0159itahuj\u00ed tolik prachu a ne\u010distot, co\u017e ocen\u00ed ka\u017ed\u00fd majitel.Jak\u00e9 p\u0159in\u00e1\u0161\u00ed v\u00fdhodyPokud p\u0159em\u00fd\u0161l\u00edte o v\u00fdm\u011bn\u011b nebo novostavb\u011b, \u0161ed\u00e1 barva nab\u00edz\u00ed \u0159adu praktick\u00fdch i estetick\u00fdch benefit\u016f:p\u016fsob\u00ed modern\u011b a elegantn\u011b v ka\u017ed\u00e9m interi\u00e9ru,hod\u00ed se k minimalistick\u00fdm i rustik\u00e1ln\u00edm stavb\u00e1m,m\u00e9n\u011b zv\u00fdraz\u0148uje ne\u010distoty oproti b\u00edl\u00fdm r\u00e1m\u016fm,zv\u00fdrazn\u00ed v\u00fdhled, proto\u017ee neodr\u00e1\u017e\u00ed tolik sv\u011btla,d\u00edky r\u016fzn\u00fdm odst\u00edn\u016fm si ka\u017ed\u00fd najde ide\u00e1ln\u00ed t\u00f3n.\u0160ed\u00e1 okna v interi\u00e9ru i exteri\u00e9ruZaj\u00edmav\u00e9 je, \u017ee \u0161ed\u00e1 nep\u016fsob\u00ed chladn\u011b, pokud je dob\u0159e slad\u011bn\u00e1 s ostatn\u00edm vybaven\u00edm. V interi\u00e9ru vytv\u00e1\u0159\u00ed klidnou atmosf\u00e9ru, ve kter\u00e9 vyniknou dopl\u0148ky i n\u00e1bytek. Zven\u010d\u00ed zase podtrhne fas\u00e1du a dod\u00e1 domu sofistikovan\u00fd vzhled. Sta\u010d\u00ed si p\u0159edstavit b\u00edlou st\u011bnu s \u0161ed\u00fdmi r\u00e1my, jednoduch\u00e9, ale nesm\u00edrn\u011b \u00fa\u010dinn\u00e9 \u0159e\u0161en\u00ed.Na rozd\u00edl od barevn\u00fdch experiment\u016f nen\u00ed \u0161ed\u00e1 jen sez\u00f3nn\u00ed m\u00f3dn\u00ed z\u00e1le\u017eitost\u00ed. Je to barva, kter\u00e1 v architektu\u0159e funguje dlouhodob\u011b. Investice do \u0161ed\u00fdch oken je proto i investic\u00ed do budoucna, v\u00e1\u0161 d\u016fm bude p\u016fsobit modern\u011b nejen dnes, ale i za deset let.Barvy dok\u00e1\u017e\u00ed m\u011bnit vn\u00edm\u00e1n\u00ed prostoru. N\u011bkdy sta\u010d\u00ed jen mal\u00fd detail, aby se d\u016fm stal v\u00fdjime\u010dn\u00fdm. \u0160ed\u00e9 r\u00e1my oken dokazuj\u00ed, \u017ee elegance nemus\u00ed b\u00fdt n\u00e1padn\u00e1, pr\u00e1v\u011b jejich nen\u00e1padnost je \u010din\u00ed siln\u00fdmi. Kdy\u017e se p\u0159\u00ed\u0161t\u011b pod\u00edv\u00e1te na sv\u016fj domov z ulice, mo\u017en\u00e1 zjist\u00edte, \u017ee i tak jednoduch\u00e1 zm\u011bna m\u016f\u017ee prom\u011bnit celkov\u00fd dojem.                                                                                                                                                                                                                                                                                                                                                                                          4.7\/5 - (4 votes)        "},{"@context":"https:\/\/schema.org\/","@type":"BreadcrumbList","itemListElement":[{"@type":"ListItem","position":1,"name":"Barva r\u00e1mu rozhoduje o cel\u00e9 atmosf\u00e9\u0159e domova","item":"https:\/\/www.zulpcb.cz\/barva-ramu-rozhoduje-o-cele-atmosfere-domova\/#breadcrumbitem"}]}]