[{"@context":"https:\/\/schema.org\/","@type":"Article","@id":"https:\/\/www.zulpcb.cz\/kdo-ziska-oscara-za-nejlepsi-film\/#Article","mainEntityOfPage":"https:\/\/www.zulpcb.cz\/kdo-ziska-oscara-za-nejlepsi-film\/","headline":"Kdo z\u00edsk\u00e1 Oscara za nejlep\u0161\u00ed film?","name":"Kdo z\u00edsk\u00e1 Oscara za nejlep\u0161\u00ed film?","description":"Ji\u017e od roku 1929 ud\u011bluje americk\u00e1 Akademie filmov\u00e9ho um\u011bn\u00ed v\u011bd nejpresti\u017en\u011bj\u0161\u00ed cenu ve filmov\u00e9m pr\u016fmyslu. Cena akademie, jinak tak\u00e9 zvan\u00e1 Oscar, se bude ji\u017e po sedmn\u00e1ct\u00e9 ud\u011blovat v\u00a0Los Angels v ned\u011bli 4. b\u0159ezna 2018. Cel\u00fd galave\u010der nebude moderovat nikdo jin\u00fd, ne\u017e zn\u00e1m\u00fd americk\u00fd moder\u00e1tor Jimmy Kimmel. Do kategorie Nejlep\u0161\u00ed film, kter\u00e1 je jist\u011b kategori\u00ed nejzaj\u00edmav\u011bj\u0161\u00ed, [&hellip;]","datePublished":"2025-02-27","dateModified":"2023-05-04","author":{"@type":"Person","@id":"https:\/\/www.zulpcb.cz\/author\/#Person","name":"","url":"https:\/\/www.zulpcb.cz\/author\/","identifier":1,"image":{"@type":"ImageObject","@id":"https:\/\/secure.gravatar.com\/avatar\/c065076eb86551fdb70725c8063acf1b60a8edaed14ed654228c4cba13121c83?s=96&d=mm&r=g","url":"https:\/\/secure.gravatar.com\/avatar\/c065076eb86551fdb70725c8063acf1b60a8edaed14ed654228c4cba13121c83?s=96&d=mm&r=g","height":96,"width":96}},"publisher":{"@type":"Organization","name":"zulpcb.cz","logo":{"@type":"ImageObject","@id":"\/logo.png","url":"\/logo.png","width":600,"height":60}},"image":{"@type":"ImageObject","@id":"https:\/\/www.zulpcb.cz\/wp-content\/uploads\/img_a307452_w2075_t1518713526.jpg","url":"https:\/\/www.zulpcb.cz\/wp-content\/uploads\/img_a307452_w2075_t1518713526.jpg","height":0,"width":0},"url":"https:\/\/www.zulpcb.cz\/kdo-ziska-oscara-za-nejlepsi-film\/","wordCount":415,"articleBody":"\tJi\u017e od roku 1929 ud\u011bluje americk\u00e1 Akademie filmov\u00e9ho um\u011bn\u00ed v\u011bd nejpresti\u017en\u011bj\u0161\u00ed cenu ve filmov\u00e9m pr\u016fmyslu. Cena akademie, jinak tak\u00e9 zvan\u00e1 Oscar, se bude ji\u017e po sedmn\u00e1ct\u00e9 ud\u011blovat v\u00a0Los Angels\tv ned\u011bli 4. b\u0159ezna 2018. Cel\u00fd galave\u010der nebude moderovat nikdo jin\u00fd, ne\u017e zn\u00e1m\u00fd americk\u00fd moder\u00e1tor Jimmy Kimmel.\t\tDo kategorie Nejlep\u0161\u00ed film, kter\u00e1 je jist\u011b kategori\u00ed nejzaj\u00edmav\u011bj\u0161\u00ed, je letos za\u0159azeno celkem 9 sn\u00edmk\u016f. Za zm\u00ednku stoj\u00ed Tv\u00e1\u0159 vody u\u017e jen proto, \u017ee nasb\u00edrala celkov\u011b 13 nominac\u00ed a re\u017eie se ujal Guillermo del Toro (Faun\u016fv labyrint, Hellboy), kter\u00fd si tak\u00e9 ve spolupr\u00e1ci s\u00a0Vanessou Taylor napsal sc\u00e9n\u00e1\u0159. D\u00e1le pak v\u00e1le\u010dn\u00e9 drama Dunkerk, kter\u00e9 bylo velmi dob\u0159e p\u0159ijato jak mezi div\u00e1ky, tak kritiky a nato\u010dil jej re\u017eis\u00e9r Christopher Nolan (Temn\u00fd ryt\u00ed\u0159, Po\u010d\u00e1tek). Oba jmenovan\u00ed jsou za sv\u00e9 sn\u00edmky nominov\u00e1ni i v\u00a0kategorii Nejlep\u0161\u00ed re\u017eie.\tHork\u00fdm kandid\u00e1tem na zisk ocen\u011bn\u00ed je tak\u00e9 americk\u00e9 komedi\u00e1ln\u00ed drama Lady Bird, nato\u010den\u00e9 re\u017eis\u00e9rkou Gretou Gerwing, je\u017e se stejn\u011b jako kolegov\u00e9 del Toro a Nolan ujala i sc\u00e9n\u00e1\u0159e. A spr\u00e1vn\u011b, i ona je nominov\u00e1na na cenu za nejlep\u0161\u00ed re\u017eii.\tDal\u0161\u00ed nominovan\u00e9 celove\u010dern\u00ed filmy v\u00a0kategorii Nejlep\u0161\u00ed film:\t\t\tUte\u010d\t\t\tCall me by your name\t\t\tNejtemn\u011bj\u0161\u00ed hodina\t\t\tT\u0159i billboardy kousek za Ebbingem\t\t\tNit z\u00a0p\u0159\u00edzrak\u016f\t\t\tAkta Pentagon: Skryt\u00e1 v\u00e1lka\t\u010cesk\u00e1 stopa na Oscarech\tPresti\u017en\u00ed ocen\u011bn\u00ed z\u00edskali v\u00a0r\u016fzn\u00fdch kategori\u00edch i \u010de\u0161t\u00ed z\u00e1stupci. Jmenujme nap\u0159\u00edklad re\u017eis\u00e9ra \u010desk\u00e9ho p\u016fvodu Milo\u0161e Formana za americk\u00fd film Amadeus a P\u0159elet nad kuka\u010d\u010d\u00edm hn\u00edzdem z\u00edskal cenu za re\u017eii. Za zm\u00ednku tak\u00e9 jist\u011b stoj\u00ed ocen\u011bn\u00ed za nejlep\u0161\u00ed cizojazy\u010dn\u00fd film. To z\u00edskali Jan Sv\u011br\u00e1k (Kolja) a Ji\u0159\u00ed Menzel (Ost\u0159e sledovan\u00e9 vlaky).\t\u00a0\tSlavnostn\u00ed p\u0159ed\u00e1v\u00e1n\u00ed cenJm\u00e9na v\u00edt\u011bz\u016f v\u00a0leto\u0161n\u00edm 90. ro\u010dn\u00edku ud\u011blov\u00e1n\u00ed cen se brzy dozv\u00edme. Pokud jste opravdov\u00fdmi filmov\u00fdmi fanou\u0161ky a tak\u00e9 r\u00e1di ponocujete, m\u016f\u017eete slavnostn\u00ed p\u0159ed\u00e1v\u00e1n\u00ed Cen akademie sledovat \u017eiv\u011b na internetu nebo se doporu\u010duje naladit n\u011bmeckou stanici Pro7.P\u0159edchoz\u00ed ro\u010dn\u00edky vys\u00edlala \u010cesk\u00e1 televize pouze ze z\u00e1znamu na programu \u010cT Art, nejinak tomu bude pravd\u011bpodobn\u011b i letos.                                                                                                                                                                                                                                                                                                                                                                                        4\/5 - (10 votes)        "},{"@context":"https:\/\/schema.org\/","@type":"BreadcrumbList","itemListElement":[{"@type":"ListItem","position":1,"name":"Kdo z\u00edsk\u00e1 Oscara za nejlep\u0161\u00ed film?","item":"https:\/\/www.zulpcb.cz\/kdo-ziska-oscara-za-nejlepsi-film\/#breadcrumbitem"}]}]