[{"@context":"https:\/\/schema.org\/","@type":"Article","@id":"https:\/\/www.zulpcb.cz\/kredenc-nepatri-do-muzea\/#Article","mainEntityOfPage":"https:\/\/www.zulpcb.cz\/kredenc-nepatri-do-muzea\/","headline":"Kredenc nepat\u0159\u00ed do muzea","name":"Kredenc nepat\u0159\u00ed do muzea","description":"U\u017e asi jen babi\u010dky dne\u0161n\u00edch babi\u010dek by mohly zavzpom\u00ednat, \u017ee kdysi v jejich kuchyni kralovala kredenc. Majest\u00e1tn\u00ed, malovan\u00e1, jednodu\u0161e kr\u00e1sn\u00e1. Je \u0161koda \u017ee postupem \u010dasu byla kredenc z kuchyn\u011b vytla\u010dena oby\u010dejn\u00fdmi sk\u0159\u00ed\u0148kami, proto\u017ee to byl velice praktick\u00fd kus n\u00e1bytku, kter\u00fd byl precizn\u011b proveden mistrem \u0159emesla, a \u010dasto ho dost\u00e1vala nev\u011bsta jako v\u011bno. \u010c\u00edm kr\u00e1sn\u011bji vyzdoben\u00fd [&hellip;]","datePublished":"2021-10-14","dateModified":"2023-05-04","author":{"@type":"Person","@id":"https:\/\/www.zulpcb.cz\/author\/#Person","name":"","url":"https:\/\/www.zulpcb.cz\/author\/","identifier":1,"image":{"@type":"ImageObject","@id":"https:\/\/secure.gravatar.com\/avatar\/c065076eb86551fdb70725c8063acf1b60a8edaed14ed654228c4cba13121c83?s=96&d=mm&r=g","url":"https:\/\/secure.gravatar.com\/avatar\/c065076eb86551fdb70725c8063acf1b60a8edaed14ed654228c4cba13121c83?s=96&d=mm&r=g","height":96,"width":96}},"publisher":{"@type":"Organization","name":"zulpcb.cz","logo":{"@type":"ImageObject","@id":"\/logo.png","url":"\/logo.png","width":600,"height":60}},"image":{"@type":"ImageObject","@id":"https:\/\/www.zulpcb.cz\/wp-content\/uploads\/vintage-kitchen-g957d69138_640.png","url":"https:\/\/www.zulpcb.cz\/wp-content\/uploads\/vintage-kitchen-g957d69138_640.png","height":0,"width":0},"url":"https:\/\/www.zulpcb.cz\/kredenc-nepatri-do-muzea\/","about":["N\u00e1kupy"],"wordCount":403,"articleBody":"       U\u017e asi jen babi\u010dky dne\u0161n\u00edch babi\u010dek by mohly zavzpom\u00ednat, \u017ee kdysi v jejich kuchyni kralovala kredenc. Majest\u00e1tn\u00ed, malovan\u00e1, jednodu\u0161e kr\u00e1sn\u00e1. Je \u0161koda \u017ee postupem \u010dasu byla kredenc z kuchyn\u011b vytla\u010dena oby\u010dejn\u00fdmi sk\u0159\u00ed\u0148kami, proto\u017ee to byl velice praktick\u00fd kus n\u00e1bytku, kter\u00fd byl precizn\u011b proveden mistrem \u0159emesla, a \u010dasto ho dost\u00e1vala nev\u011bsta jako v\u011bno. \u010c\u00edm kr\u00e1sn\u011bji vyzdoben\u00fd n\u00e1bytek, t\u00edm bohat\u0161\u00ed nev\u011bsta. A tak jako kroje se li\u0161\u00ed v\u00fd\u0161ivkami, tak i malba sk\u0159\u00edn\u00ed m\u011bla svoje krajov\u00e9 motivy.Kredenc m\u00e1 spodn\u00ed \u010d\u00e1st s dv\u00ed\u0159ky a nad n\u00ed prosklen\u00e1 \u010d\u00e1st s poli\u010dkami. Mezi t\u011bmito dv\u011bma \u010d\u00e1stmi byly \u0161upl\u00edky na p\u0159\u00edbory. Do kredence se d\u00e1valo v\u0161echno kuchy\u0148sk\u00e9 n\u00e1dob\u00ed. Dol\u016f za dv\u00ed\u0159kami se schov\u00e1valy oby\u010dejn\u00e9 tal\u00ed\u0159e, v \u0161upl\u00edc\u00edch byly p\u0159\u00edbory, nab\u011bra\u010dky a va\u0159e\u010dky, no a v prosklen\u00e9 \u010d\u00e1sti pochopiteln\u011b to nejhez\u010d\u00ed, \u010d\u00edm se cht\u011bla dom\u00e1cnost pochlubit. Malovan\u00e9 hrne\u010dky, k\u0159ehk\u00fd porcel\u00e1n, nebo \u010dist\u011b jen dekora\u010dn\u00ed p\u0159edm\u011bty.Koupili jste si star\u0161\u00ed vesnick\u00fd domek? I kdy\u017e ho t\u0159eba budete cel\u00fd restaurovat a znovu vybavovat n\u00e1bytkem, zva\u017ete mo\u017enost udr\u017eet ho v retro stylu. Kredenc by v takov\u00e9 kuchyni nem\u011bla chyb\u011bt. Ale kredenc nemus\u00ed b\u00fdt sou\u010d\u00e1st\u00ed kuchyn\u011b. Budete m\u00edt j\u00eddelnu? Pr\u00e1v\u011b tam se kredenc p\u0159ece hod\u00ed, kdy\u017e se v n\u00ed ukr\u00fdv\u00e1 kuchy\u0148sk\u00e9 n\u00e1dob\u00ed. Kredence dnes m\u016f\u017eete koupit nov\u00e9, s\u00e9riov\u011b vyr\u00e1b\u011bn\u00e9, ale v\u011b\u0159te, \u017ee ru\u010dn\u011b malovan\u00e1 kredenc, s v\u016fn\u00ed d\u0159eva se t\u00e9 s\u00e9riov\u00e9 nikdy nevyrovn\u00e1. Dekorativn\u00ed motivy, individu\u00e1ln\u00ed v\u00fdb\u011br barvy, to v\u0161e d\u00e1 tomuto kousku n\u00e1bytku originalitu.M\u00e1te n\u011bjak\u00e9 kr\u00e1sn\u00e9 pam\u00e1te\u010dn\u00ed tal\u00ed\u0159e, hrn\u00ed\u010dky, v\u00e1zi\u010dky apod? Vystavte je v kredenci p\u0159\u00edmo v ob\u00fdv\u00e1ku, va\u0161e n\u00e1v\u0161t\u011bvy zaru\u010den\u011b ohrom\u00edte. A nespokojte se jen s ru\u010dn\u011b malovanou kredenc\u00ed. Vybavte si cel\u00fd d\u016fm ru\u010dn\u011b malovan\u00fdm n\u00e1bytkem. Sk\u0159\u00edn\u011b, truhly, postele, knihovny, stoly, stolky, to v\u0161e a mnoh\u00e9 dal\u0161\u00ed nab\u00edz\u00ed svet.pokladu.cz. M\u00e1te mo\u017enost si nechat vyrobit a namalovat n\u00e1bytek p\u0159esn\u011b dle va\u0161ich p\u0159edstav.                                                                                                                                                                                                                                                                                                                                                                                           4.9\/5 - (8 votes)        "},{"@context":"https:\/\/schema.org\/","@type":"BreadcrumbList","itemListElement":[{"@type":"ListItem","position":1,"name":"Kredenc nepat\u0159\u00ed do muzea","item":"https:\/\/www.zulpcb.cz\/kredenc-nepatri-do-muzea\/#breadcrumbitem"}]}]