[{"@context":"https:\/\/schema.org\/","@type":"Article","@id":"https:\/\/www.zulpcb.cz\/na-vylety-vlakem\/#Article","mainEntityOfPage":"https:\/\/www.zulpcb.cz\/na-vylety-vlakem\/","headline":"Na v\u00fdlety vlakem","name":"Na v\u00fdlety vlakem","description":"Jezd\u00edte r\u00e1di s\u00a0d\u011btmi na v\u00fdlety? Co t\u0159eba nechat auto doma a vyrazit \u010das od \u010dasu na cesty vlakem. Ur\u010dit\u011b byste si m\u011bli takov\u00fd v\u00fdlet \u010das od \u010dasu dop\u0159\u00e1t. U\u017e z\u00a0toho d\u016fvodu, \u017ee d\u011bti jsou tak zvykl\u00e9 na automobil jako na jedin\u00fd dopravn\u00ed prost\u0159edek, \u017ee \u010dasto jedou poprv\u00e9 vlakem a\u017e dosp\u011blosti. M\u011bli byste proto podporovat samostatnost [&hellip;]","datePublished":"2023-05-04","dateModified":"2023-05-04","author":{"@type":"Person","@id":"https:\/\/www.zulpcb.cz\/author\/#Person","name":"","url":"https:\/\/www.zulpcb.cz\/author\/","identifier":1,"image":{"@type":"ImageObject","@id":"https:\/\/secure.gravatar.com\/avatar\/c065076eb86551fdb70725c8063acf1b60a8edaed14ed654228c4cba13121c83?s=96&d=mm&r=g","url":"https:\/\/secure.gravatar.com\/avatar\/c065076eb86551fdb70725c8063acf1b60a8edaed14ed654228c4cba13121c83?s=96&d=mm&r=g","height":96,"width":96}},"publisher":{"@type":"Organization","name":"zulpcb.cz","logo":{"@type":"ImageObject","@id":"\/logo.png","url":"\/logo.png","width":600,"height":60}},"url":"https:\/\/www.zulpcb.cz\/na-vylety-vlakem\/","wordCount":392,"articleBody":"Jezd\u00edte r\u00e1di s\u00a0d\u011btmi na v\u00fdlety? Co t\u0159eba nechat auto doma a vyrazit \u010das od \u010dasu na cesty vlakem. Ur\u010dit\u011b byste si m\u011bli takov\u00fd v\u00fdlet \u010das od \u010dasu dop\u0159\u00e1t. U\u017e z\u00a0toho d\u016fvodu, \u017ee d\u011bti jsou tak zvykl\u00e9 na automobil jako na jedin\u00fd dopravn\u00ed prost\u0159edek, \u017ee \u010dasto jedou poprv\u00e9 vlakem a\u017e dosp\u011blosti. M\u011bli byste proto podporovat samostatnost d\u011bt\u00ed.\u010casto se lze setkat s\u00a0argumentem, \u017ee cestov\u00e1n\u00ed vlakem je drah\u00e9. To rozhodn\u011b je. Je drah\u00e9, \u00farove\u0148 vlak\u016f je r\u016fzn\u00e1. N\u011bkde se setk\u00e1me s\u00a0komfortn\u00edmi klimatizovan\u00fdmi vozy, n\u011bkde zase se star\u00fdmi \u0161pinav\u00fdmi soupravami. Nicm\u00e9n\u011b \u00farove\u0148 v\u00a0tomto ohledu se neust\u00e1le zvy\u0161uje.Co se t\u00fd\u010de j\u00edzdn\u00e9ho, je mo\u017en\u00e9 vyu\u017e\u00edvat r\u016fzn\u00e9 typy slev, jako jsou nap\u0159\u00edklad tyto:1.\u00a0\u00a0\u00a0\u00a0\u00a0 Sleva In 25%, 50%, 100%2.\u00a0\u00a0\u00a0\u00a0\u00a0 Kilometrick\u00e1 banka3.\u00a0\u00a0\u00a0\u00a0\u00a0 Skupinov\u00e1 j\u00edzdenka4.\u00a0\u00a0\u00a0\u00a0\u00a0 Zp\u00e1te\u010dn\u00ed j\u00edzdenka5.\u00a0\u00a0\u00a0\u00a0\u00a0 Celodenn\u00ed j\u00edzdenka6.\u00a0\u00a0\u00a0\u00a0\u00a0 Skupinov\u00e1 v\u00edkendov\u00e1 j\u00edzdenka\u00a0\tU posledn\u00edch dvou se zastav\u00edme a trochu bl\u00ed\u017ee si je rozebereme\u00a0Celodenn\u00ed j\u00edzdenkaPokud r\u00e1di jezd\u00edte na v\u00fdlety a cestov\u00e1n\u00ed vlakem pro V\u00e1s p\u0159edstavuje to nejz\u00e1bavn\u011bj\u0161\u00ed cestov\u00e1n\u00ed, ur\u010dit\u011b vyu\u017eijte nab\u00eddky celodenn\u00ed j\u00edzdenky. Za cestov\u00e1n\u00ed m\u016f\u017eete v\u00fdrazn\u011b u\u0161et\u0159it. M\u00e1te na v\u00fdb\u011br dv\u011b mo\u017enosti.\u00b7\u00a0\u00a0\u00a0\u00a0\u00a0\u00a0\u00a0\u00a0 Region\u00e1ln\u00ed\u2013 pokud cestujete na \u00fazem\u00ed sv\u00e9ho kraje, sta\u010d\u00ed V\u00e1m region\u00e1ln\u00ed j\u00edzdenka. Ceny m\u00e1 ka\u017ed\u00fd region jin\u00fd.\u00b7\u00a0\u00a0\u00a0\u00a0\u00a0\u00a0\u00a0\u00a0 S\u00ed\u0165ov\u00e1\u2013 pokud proj\u00ed\u017ed\u00edte v\u00edce regiony, vyplat\u00ed se V\u00e1m u\u017e s\u00ed\u0165ov\u00e1 celorepublikov\u00e1 j\u00edzdenka, jej\u00ed cena je 579 K\u010d\u00a0Skupinov\u00e1 v\u00edkendov\u00e1 j\u00edzdenkaNa podobn\u00e9m principu jako celodenn\u00ed j\u00edzdenka (region\u00e1ln\u00ed, s\u00ed\u0165ov\u00e1) funguje i skupinov\u00e1 v\u00edkendov\u00e1 j\u00edzdenka. Ve skupin\u011b mohou jet maxim\u00e1ln\u011b dva dosp\u011bl\u00ed a t\u0159i d\u011bti (p\u0159\u00edpadn\u011b jeden dosp\u011bl\u00fd a \u010dty\u0159i d\u011bti). Je to ide\u00e1ln\u00ed pr\u00e1v\u011b pro v\u00edkendov\u00e9 rodinn\u00e9 v\u00fdlety. Pozor, je t\u0159eba myslet na to, \u017ee d\u011bti od 10 let se pot\u0159ebuj\u00ed prok\u00e1zat n\u011bjak\u00fdm pr\u016fkazem. Pokud d\u00edt\u011b \u017e\u00e1dn\u00fd nem\u00e1 (t\u0159eba pas), na pokladn\u011b \u010cesk\u00fdch drah V\u00e1m takov\u00fd za 50 K\u010d vystav\u00ed. Pot\u0159ebujete k\u00a0tomu jen fotografii d\u00edt\u011bte.                                                                                                                                                                                                                                                                                                                                                                                        4.4\/5 - (9 votes)        "},{"@context":"https:\/\/schema.org\/","@type":"BreadcrumbList","itemListElement":[{"@type":"ListItem","position":1,"name":"Na v\u00fdlety vlakem","item":"https:\/\/www.zulpcb.cz\/na-vylety-vlakem\/#breadcrumbitem"}]}]