[{"@context":"https:\/\/schema.org\/","@type":"Article","@id":"https:\/\/www.zulpcb.cz\/osvetleni-do-obyvaciho-pokoje\/#Article","mainEntityOfPage":"https:\/\/www.zulpcb.cz\/osvetleni-do-obyvaciho-pokoje\/","headline":"Osv\u011btlen\u00ed do ob\u00fdvac\u00edho pokoje","name":"Osv\u011btlen\u00ed do ob\u00fdvac\u00edho pokoje","description":"Nic nereprezentuje dom\u00e1cnosti jako ob\u00fdvac\u00ed pokoj. Je to m\u00edsto, kde lid\u00e9 odpo\u010d\u00edvaj\u00ed a tak\u00e9 p\u0159ij\u00edmaj\u00ed n\u00e1v\u0161t\u011bvy. Samotn\u00e9 za\u0159\u00edzen\u00ed by nem\u011blo b\u00fdt zanedban\u00e9, o\u0161oupan\u00e9 ani p\u0159\u00edli\u0161 zastaral\u00e9. Naopak by z\u00a0pokoje m\u011bla d\u00fdchat p\u0159\u00edjemn\u00e1 atmosf\u00e9ra dolad\u011bn\u00e1 t\u011bmi nejmen\u0161\u00edmi prvky, mezi kter\u00e9 osv\u011btlen\u00ed bezesporu pat\u0159\u00ed. Osv\u011btlen\u00ed v\u00a0ob\u00fdvac\u00edm pokoji by ale nem\u011blo plnit pouze estetickou funkci, ale tak\u00e9 funkci [&hellip;]","datePublished":"2019-08-22","dateModified":"2023-05-04","author":{"@type":"Person","@id":"https:\/\/www.zulpcb.cz\/author\/#Person","name":"","url":"https:\/\/www.zulpcb.cz\/author\/","identifier":1,"image":{"@type":"ImageObject","@id":"https:\/\/secure.gravatar.com\/avatar\/c065076eb86551fdb70725c8063acf1b60a8edaed14ed654228c4cba13121c83?s=96&d=mm&r=g","url":"https:\/\/secure.gravatar.com\/avatar\/c065076eb86551fdb70725c8063acf1b60a8edaed14ed654228c4cba13121c83?s=96&d=mm&r=g","height":96,"width":96}},"publisher":{"@type":"Organization","name":"zulpcb.cz","logo":{"@type":"ImageObject","@id":"\/logo.png","url":"\/logo.png","width":600,"height":60}},"image":{"@type":"ImageObject","@id":"https:\/\/www.zulpcb.cz\/wp-content\/uploads\/img_a353839_w3394_t1568454745.jpg","url":"https:\/\/www.zulpcb.cz\/wp-content\/uploads\/img_a353839_w3394_t1568454745.jpg","height":0,"width":0},"url":"https:\/\/www.zulpcb.cz\/osvetleni-do-obyvaciho-pokoje\/","about":["D\u016fm a byt"],"wordCount":402,"articleBody":"Nic nereprezentuje dom\u00e1cnosti jako ob\u00fdvac\u00ed pokoj. Je to m\u00edsto, kde lid\u00e9 odpo\u010d\u00edvaj\u00ed a tak\u00e9 p\u0159ij\u00edmaj\u00ed n\u00e1v\u0161t\u011bvy. Samotn\u00e9 za\u0159\u00edzen\u00ed by nem\u011blo b\u00fdt zanedban\u00e9, o\u0161oupan\u00e9 ani p\u0159\u00edli\u0161 zastaral\u00e9. Naopak by z\u00a0pokoje m\u011bla d\u00fdchat p\u0159\u00edjemn\u00e1 atmosf\u00e9ra dolad\u011bn\u00e1 t\u011bmi nejmen\u0161\u00edmi prvky, mezi kter\u00e9 osv\u011btlen\u00ed bezesporu pat\u0159\u00ed.Osv\u011btlen\u00ed v\u00a0ob\u00fdvac\u00edm pokoji by ale nem\u011blo plnit pouze estetickou funkci, ale tak\u00e9 funkci praktickou a celou m\u00edstnost prosv\u011btlit. Nikdo p\u0159ece nechce vysed\u00e1vat v\u00a0\u0161er\u00e9, ponur\u00e9 m\u00edstnosti, kter\u00e1 kaz\u00ed dobrou n\u00e1ladu.U\u017e d\u00e1vno neplat\u00ed, \u017ee jedin\u00fdm osv\u011btlen\u00edm ob\u00fdvac\u00edho pokoje je centr\u00e1ln\u00ed lustr. Mnohem v\u00fdhodn\u011bj\u0161\u00ed je zvolit n\u011bkolik sv\u00edtidel rozestav\u011bn\u00fdch po m\u00edstnosti, aby se mno\u017estv\u00ed sv\u011btla mohlo variabiln\u011b p\u0159izp\u016fsobovat konkr\u00e9tn\u00ed situaci. N\u00e1v\u0161t\u011bva \u010di jin\u00e9 spole\u010densk\u00e9 situace si zaslou\u017e\u00ed sv\u011btla v\u00edce, pro relaxaci a sledov\u00e1n\u00ed sv\u011btla je zase lep\u0161\u00ed tlumen\u00e9 sv\u011btlo.Jedna hlavn\u00ed sv\u00edtilna se st\u00e1le zachovala, ale s\u00a0t\u00edm rozd\u00edlem, \u017ee je dopln\u011bna dal\u0161\u00edmi sv\u011bteln\u00fdmi zdroji dle rozm\u011br\u016f m\u00edstnosti. V\u00a0m\u00edstnostech s\u00a0vy\u0161\u0161\u00edm stropem jsou vhodn\u00e1 z\u00e1v\u011bsn\u00e1 sv\u00edtidla, kter\u00e1 zajist\u00ed osv\u011btlen\u00ed cel\u00e9 m\u00edstnosti. V\u00a0rozlehl\u00e9 m\u00edstnosti lze p\u0159idat n\u00e1st\u011bnn\u00e1 sv\u011btla \u010di nap\u0159\u00edklad stojac\u00ed lampu, naopak v\u00a0men\u0161\u00ed m\u00edstnosti posta\u010d\u00ed centr\u00e1ln\u00ed sv\u011btlo a stoln\u00ed lampi\u010dka. Tyto druhotn\u00e9 zdroje sv\u011btla zajist\u00ed intimn\u011bj\u0161\u00ed atmosf\u00e9ru pro chv\u00edle pohody a relaxace.Je spousta mo\u017enost\u00ed, ze kter\u00fdch si vybere ka\u017ed\u00fd. Jednotliv\u00e9 druhy sv\u011btel spolu vzorov\u011b i designov\u011b lad\u00ed, tak\u017ee spolu vytvo\u0159\u00ed p\u0159\u00edjemn\u00fd celek. Na v\u00fdb\u011br jsou LED sv\u011btla a z\u00e1\u0159ivky. LED sv\u011btla jsou o pozn\u00e1n\u00ed \u00fasporn\u011bj\u0161\u00ed a hod\u00ed se tedy v\u0161ude tam, kde se dlouhodob\u011b sv\u00edt\u00ed.Sv\u011btlo v\u00a0ob\u00fdvac\u00edm pokoji by nem\u011blo b\u00fdt p\u0159\u00edli\u0161 intenzivn\u00ed. Vzhledem k\u00a0tomu, \u017ee m\u00edstnost neslou\u017e\u00ed k\u00a0pr\u00e1ci, ale k\u00a0relaxaci, je vhodn\u00e9 pou\u017e\u00edt takov\u00fd odst\u00edn sv\u011btla, kter\u00fd navod\u00ed p\u0159\u00edjemnou a p\u0159\u00e1telskou atmosf\u00e9ru. T\u00edm je sv\u011btlo s\u00a0n\u00e1dechem \u017elut\u00e9 barvy ozna\u010dovan\u00e9 jako \u201etepl\u00e1 b\u00edl\u00e1\u201c.                                                                                                                                                                                                                                                                                                                                                                                        4.1\/5 - (9 votes)        "},{"@context":"https:\/\/schema.org\/","@type":"BreadcrumbList","itemListElement":[{"@type":"ListItem","position":1,"name":"Osv\u011btlen\u00ed do ob\u00fdvac\u00edho pokoje","item":"https:\/\/www.zulpcb.cz\/osvetleni-do-obyvaciho-pokoje\/#breadcrumbitem"}]}]