[{"@context":"https:\/\/schema.org\/","@type":"Article","@id":"https:\/\/www.zulpcb.cz\/zadna-zima-nebude-tezka\/#Article","mainEntityOfPage":"https:\/\/www.zulpcb.cz\/zadna-zima-nebude-tezka\/","headline":"\u017d\u00e1dn\u00e1 zima nebude t\u011b\u017ek\u00e1","name":"\u017d\u00e1dn\u00e1 zima nebude t\u011b\u017ek\u00e1","description":"\u017dijete v oblasti, kde je vytopit m\u00edstnost velmi t\u011b\u017ek\u00e9? Je ve va\u0161em okol\u00ed neust\u00e1l\u00e1 zima a tak pot\u0159ebujete n\u011bco, co bude skute\u010dn\u011b \u00fa\u010dinn\u00e9, ale p\u0159esto \u00fasporn\u00e9? Jestli\u017ee ano, co takov\u00e1 teplovzdu\u0161n\u00e1 kamna na d\u0159evo, kter\u00e1 jsou velmi modern\u00edm a praktick\u00fdm \u0159e\u0161en\u00edm? Nejenom, \u017ee spln\u00ed va\u0161e po\u017eadavky, co se t\u00fd\u010de v\u00fdkonu, ale tak\u00e9 budou velmi \u00fasporn\u00e9, [&hellip;]","datePublished":"2024-04-16","dateModified":"2024-04-16","author":{"@type":"Person","@id":"https:\/\/www.zulpcb.cz\/author\/#Person","name":"","url":"https:\/\/www.zulpcb.cz\/author\/","identifier":1,"image":{"@type":"ImageObject","@id":"https:\/\/secure.gravatar.com\/avatar\/c065076eb86551fdb70725c8063acf1b60a8edaed14ed654228c4cba13121c83?s=96&d=mm&r=g","url":"https:\/\/secure.gravatar.com\/avatar\/c065076eb86551fdb70725c8063acf1b60a8edaed14ed654228c4cba13121c83?s=96&d=mm&r=g","height":96,"width":96}},"publisher":{"@type":"Organization","name":"zulpcb.cz","logo":{"@type":"ImageObject","@id":"\/logo.png","url":"\/logo.png","width":600,"height":60}},"url":"https:\/\/www.zulpcb.cz\/zadna-zima-nebude-tezka\/","wordCount":242,"articleBody":"\u017dijete v oblasti, kde je vytopit m\u00edstnost velmi t\u011b\u017ek\u00e9? Je ve va\u0161em okol\u00ed neust\u00e1l\u00e1 zima a tak pot\u0159ebujete n\u011bco, co bude skute\u010dn\u011b \u00fa\u010dinn\u00e9, ale p\u0159esto \u00fasporn\u00e9? Jestli\u017ee ano, co takov\u00e1 teplovzdu\u0161n\u00e1 kamna na d\u0159evo, kter\u00e1 jsou velmi modern\u00edm a praktick\u00fdm \u0159e\u0161en\u00edm? Nejenom, \u017ee spln\u00ed va\u0161e po\u017eadavky, co se t\u00fd\u010de v\u00fdkonu, ale tak\u00e9 budou velmi \u00fasporn\u00e9, co\u017e ocen\u00edte hlavn\u011b na konci sez\u00f3ny, a\u017e budete s\u010d\u00edtat n\u00e1klady za zimu. Ty se nebudou \u0161plhat tak vysoko, jako tomu bylo nap\u0159\u00edklad s krbem \u010di jin\u00fdm zp\u016fsobem vytv\u00e1\u0159en\u00ed p\u0159\u00edjemn\u00e9ho prost\u0159ed\u00ed.V\u0161e na m\u00edru z\u00e1kazn\u00edkoviA\u0165 u\u017e chcete produkt s\u00e9riov\u00e9 v\u00fdroby, anebo m\u00e1te specifick\u00e9 po\u017eadavky na tento produkt, na n\u00e1s se m\u016f\u017eete spolehnout. Jsme tu pro v\u00e1s ji\u017e dlouho, a tak v\u00edme, co z\u00e1kazn\u00edci po\u017eaduj\u00ed a co by jim mohlo b\u00fdt u\u017eite\u010dn\u00e9. Tato kamna naleznete ve dvou odli\u0161n\u00fdch rozm\u011brech, av\u0161ak nen\u00ed probl\u00e9m v\u0161e upravit na m\u00edru, pokud to bude skute\u010dn\u011b pot\u0159eba. Vyu\u017eijte i vy tuto mo\u017enost a nechejte si zhotovit kvalitn\u00ed prost\u0159edky pro va\u0161e dom\u00e1c\u00ed vyt\u00e1p\u011bn\u00ed. Bude v\u00e1m p\u0159\u00edjemn\u011b, a to hlavn\u011b d\u00edky p\u0159\u00edjemn\u00e9mu tepl\u00e9mu vzduchu.                                                                                                                                                                                                                                                                                                                                                                                        3.9\/5 - (7 votes)        "},{"@context":"https:\/\/schema.org\/","@type":"BreadcrumbList","itemListElement":[{"@type":"ListItem","position":1,"name":"\u017d\u00e1dn\u00e1 zima nebude t\u011b\u017ek\u00e1","item":"https:\/\/www.zulpcb.cz\/zadna-zima-nebude-tezka\/#breadcrumbitem"}]}]